{"id":1215,"date":"2010-12-30T23:36:16","date_gmt":"2010-12-30T22:36:16","guid":{"rendered":"http:\/\/www.bootcharter.de\/blogbuch\/?p=1215"},"modified":"2010-12-30T23:39:14","modified_gmt":"2010-12-30T22:39:14","slug":"eisig","status":"publish","type":"post","link":"http:\/\/www.bootcharter.de\/blogbuch\/?p=1215","title":{"rendered":"Eisig"},"content":{"rendered":"<p>Tja, war wieder nichts mit <a href=\"http:\/\/www.anna-blume-charter.de\/de\/Boot\/flaggschiff\/wintercharter.htm\">Wintercharter<\/a> in diesem Jahr. Wir entschuldigen uns bei den G\u00e4sten, denen wir absagen mussten. Aber was soll man machen, wenn die Spree so aussieht:<br \/>\n<object classid=\"clsid:d27cdb6e-ae6d-11cf-96b8-444553540000\" width=\"480\" height=\"385\" codebase=\"http:\/\/download.macromedia.com\/pub\/shockwave\/cabs\/flash\/swflash.cab#version=6,0,40,0\"><param name=\"allowFullScreen\" value=\"true\" \/><param name=\"allowscriptaccess\" value=\"always\" \/><param name=\"src\" value=\"http:\/\/www.youtube.com\/v\/ePrMzqDdQbY?fs=1&amp;hl=de_DE\" \/><param name=\"allowfullscreen\" value=\"true\" \/><embed type=\"application\/x-shockwave-flash\" width=\"480\" height=\"385\" src=\"http:\/\/www.youtube.com\/v\/ePrMzqDdQbY?fs=1&amp;hl=de_DE\" allowscriptaccess=\"always\" allowfullscreen=\"true\"><\/embed><\/object><\/p>\n<p>Kaum zu glauben, dass in drei Monaten die Saison schon wieder voll durchstartet! \u00a0Und doch ist es so. Letzten Winter war Berlin auch bis Ende Februar mehr oder weniger vergletschert, doch der April war dann ziemlich sch\u00f6n. Eigentlich w\u00e4re mal wieder ein Jahr mit einem langen hei\u00dfen Sommer f\u00e4llig. Wir sind (wie immer &#8211; und oft zu Recht) optimistisch.<\/p>\n","protected":false},"excerpt":{"rendered":"<p>Tja, war wieder nichts mit Wintercharter in diesem Jahr. Wir entschuldigen uns bei den G\u00e4sten, denen wir absagen mussten. Aber was soll man machen, wenn die Spree so aussieht: Kaum zu glauben, dass in drei Monaten die Saison schon wieder voll durchstartet! \u00a0Und doch ist es so. Letzten Winter war Berlin auch bis Ende Februar [&hellip;]<\/p>\n","protected":false},"author":5,"featured_media":0,"comment_status":"open","ping_status":"open","sticky":false,"template":"","format":"standard","meta":[],"categories":[3,32],"tags":[45,34,48],"_links":{"self":[{"href":"http:\/\/www.bootcharter.de\/blogbuch\/index.php?rest_route=\/wp\/v2\/posts\/1215"}],"collection":[{"href":"http:\/\/www.bootcharter.de\/blogbuch\/index.php?rest_route=\/wp\/v2\/posts"}],"about":[{"href":"http:\/\/www.bootcharter.de\/blogbuch\/index.php?rest_route=\/wp\/v2\/types\/post"}],"author":[{"embeddable":true,"href":"http:\/\/www.bootcharter.de\/blogbuch\/index.php?rest_route=\/wp\/v2\/users\/5"}],"replies":[{"embeddable":true,"href":"http:\/\/www.bootcharter.de\/blogbuch\/index.php?rest_route=%2Fwp%2Fv2%2Fcomments&post=1215"}],"version-history":[{"count":7,"href":"http:\/\/www.bootcharter.de\/blogbuch\/index.php?rest_route=\/wp\/v2\/posts\/1215\/revisions"}],"predecessor-version":[{"id":1223,"href":"http:\/\/www.bootcharter.de\/blogbuch\/index.php?rest_route=\/wp\/v2\/posts\/1215\/revisions\/1223"}],"wp:attachment":[{"href":"http:\/\/www.bootcharter.de\/blogbuch\/index.php?rest_route=%2Fwp%2Fv2%2Fmedia&parent=1215"}],"wp:term":[{"taxonomy":"category","embeddable":true,"href":"http:\/\/www.bootcharter.de\/blogbuch\/index.php?rest_route=%2Fwp%2Fv2%2Fcategories&post=1215"},{"taxonomy":"post_tag","embeddable":true,"href":"http:\/\/www.bootcharter.de\/blogbuch\/index.php?rest_route=%2Fwp%2Fv2%2Ftags&post=1215"}],"curies":[{"name":"wp","href":"https:\/\/api.w.org\/{rel}","templated":true}]}}