{"id":1806,"date":"2011-09-22T15:29:06","date_gmt":"2011-09-22T13:29:06","guid":{"rendered":"http:\/\/www.bootcharter.de\/blogbuch\/?p=1806"},"modified":"2011-09-22T15:29:14","modified_gmt":"2011-09-22T13:29:14","slug":"anna-blume-2-0","status":"publish","type":"post","link":"http:\/\/www.bootcharter.de\/blogbuch\/?p=1806","title":{"rendered":"Anna Blume 2.0?"},"content":{"rendered":"<p>Eine Website hatten wir von Anfang an und E-mail ist f\u00fcr uns nat\u00fcrlich auch schon immer ein wichtiges Kommunikationsmittel. Mit dem Blog habe ich l\u00e4nger gez\u00f6gert. Aber nun facebook, twitter und Co. Fast alle scheinen es zumindest privat zu nutzen, alle reden davon, aber st\u00f6rrisch wie ein Maulesel hatte ich mich bisher geweigert, mich auch nur ernsthaft damit zu befassen.<\/p>\n<p>Aber mir kommen mehr und mehr Zweifel: Sollte ein modernes kundenorientiertes Unternehmen wie unseres (h\u00fcstel) nicht auch in den Sozialen Netzwerken pr\u00e4sent sein? Ich habe also mal ein bisschen in facebook und gestern auch in google+ rumgestochert (letzteres kommt mir \u00fcbrigens viel aufger\u00e4umter und besser gestaltet vor), und habe dabei vor allem eine Erkenntnis gewonnen: Soziale Netzwerke sind Zeitfresser. Bevor ich damit weitermache, w\u00fcrde mich deshalb interessieren, wie es die kleine feine Leserschar des Blogbuchs h\u00e4lt. Deshalb folgende Umfrage (mehrere Antworten sind m\u00f6glich):<br \/>\n<script type=\"text\/javascript\" charset=\"utf-8\" src=\"http:\/\/static.polldaddy.com\/p\/5524555.js\"><\/script><br \/>\n<noscript><a href=\"http:\/\/polldaddy.com\/poll\/5524555\/\">Nutzung von Sozialen Netzwerken<\/a><\/noscript><\/p>\n","protected":false},"excerpt":{"rendered":"<p>Eine Website hatten wir von Anfang an und E-mail ist f\u00fcr uns nat\u00fcrlich auch schon immer ein wichtiges Kommunikationsmittel. Mit dem Blog habe ich l\u00e4nger gez\u00f6gert. Aber nun facebook, twitter und Co. Fast alle scheinen es zumindest privat zu nutzen, alle reden davon, aber st\u00f6rrisch wie ein Maulesel hatte ich mich bisher geweigert, mich auch [&hellip;]<\/p>\n","protected":false},"author":5,"featured_media":0,"comment_status":"open","ping_status":"open","sticky":false,"template":"","format":"standard","meta":[],"categories":[58],"tags":[56],"_links":{"self":[{"href":"http:\/\/www.bootcharter.de\/blogbuch\/index.php?rest_route=\/wp\/v2\/posts\/1806"}],"collection":[{"href":"http:\/\/www.bootcharter.de\/blogbuch\/index.php?rest_route=\/wp\/v2\/posts"}],"about":[{"href":"http:\/\/www.bootcharter.de\/blogbuch\/index.php?rest_route=\/wp\/v2\/types\/post"}],"author":[{"embeddable":true,"href":"http:\/\/www.bootcharter.de\/blogbuch\/index.php?rest_route=\/wp\/v2\/users\/5"}],"replies":[{"embeddable":true,"href":"http:\/\/www.bootcharter.de\/blogbuch\/index.php?rest_route=%2Fwp%2Fv2%2Fcomments&post=1806"}],"version-history":[{"count":10,"href":"http:\/\/www.bootcharter.de\/blogbuch\/index.php?rest_route=\/wp\/v2\/posts\/1806\/revisions"}],"predecessor-version":[{"id":1816,"href":"http:\/\/www.bootcharter.de\/blogbuch\/index.php?rest_route=\/wp\/v2\/posts\/1806\/revisions\/1816"}],"wp:attachment":[{"href":"http:\/\/www.bootcharter.de\/blogbuch\/index.php?rest_route=%2Fwp%2Fv2%2Fmedia&parent=1806"}],"wp:term":[{"taxonomy":"category","embeddable":true,"href":"http:\/\/www.bootcharter.de\/blogbuch\/index.php?rest_route=%2Fwp%2Fv2%2Fcategories&post=1806"},{"taxonomy":"post_tag","embeddable":true,"href":"http:\/\/www.bootcharter.de\/blogbuch\/index.php?rest_route=%2Fwp%2Fv2%2Ftags&post=1806"}],"curies":[{"name":"wp","href":"https:\/\/api.w.org\/{rel}","templated":true}]}}