{"id":312,"date":"2010-05-19T12:25:54","date_gmt":"2010-05-19T10:25:54","guid":{"rendered":"http:\/\/www.bootcharter.de\/blogbuch\/?p=312"},"modified":"2010-05-19T12:26:10","modified_gmt":"2010-05-19T10:26:10","slug":"brompton-reloaded","status":"publish","type":"post","link":"http:\/\/www.bootcharter.de\/blogbuch\/?p=312","title":{"rendered":"Brompton reloaded"},"content":{"rendered":"<p>Der <a href=\"http:\/\/www.bootcharter.de\/blogbuch\/?p=40\">letzte Artikel \u00fcber das Brompton<\/a> krankte etwas daran, dass ich keine passenden Fotos gemacht habe. Jetzt habe ich das famose Faltrad noch einmal bei einer Boots\u00fcberf\u00fchrung genutzt (als Lucia f\u00fcr den <a href=\"http:\/\/www.bootcharter.de\/blogbuch\/?p=318\">Bootstes<\/a>t bereit gestellt wurde)\u00a0 und kann Bildmaterial\u00a0 nachliefern:<\/p>\n<div style=\"width: 410px\" class=\"wp-caption alignnone\"><img loading=\"lazy\" title=\"Das gefaltete Brompton auf Lucia: passt perfekt\" src=\"http:\/\/www.sloep.de\/allebilder\/blogbuch\/2010-05-brompton.jpg\" alt=\"Das gefaltete Brompton auf Lucia: passt perfekt\" width=\"400\" height=\"300\" \/><p class=\"wp-caption-text\">Das gefaltete Brompton auf der Sloep Lucia: passt perfekt<\/p><\/div>\n<div style=\"width: 410px\" class=\"wp-caption alignnone\"><img loading=\"lazy\" title=\"Das Brompton ausgeklappt am Steg des F\u00e4hrhaus: bereit zum Losradeln Richtung S-Bahn\" src=\"http:\/\/www.sloep.de\/allebilder\/blogbuch\/2010-05-brompton02.jpg\" alt=\"Das Brompton ausgeklappt am Steg des F\u00e4hrhaus: bereit zum Losradeln Richtung S-Bahn\" width=\"400\" height=\"300\" \/><p class=\"wp-caption-text\">Das Brompton ausgeklappt am Steg des F\u00e4hrhauses: bereit zum Losradeln Richtung S-Bahn<\/p><\/div>\n<p>Die ger\u00e4umige Tasche vorne ist \u00fcbrigens am Rahmen befestigt, nicht am Lenker. Sie dreht sich beim Lenken also nicht mit. Das macht das Fahren sicherer und angenehmer, wenn die Tasche schwer beladen ist (was bei mir meist der Fall ist, da ich selten ohne Notebook, Kamera etc. reise).<\/p>\n<p>Warum habe ich das R\u00e4dle eigentlich noch in Gebrauch? Sollte das schicke Faltrad nicht eigentlich auf die Anna K.? Ja, aber bisher hat es noch keiner mitgebucht. Mir soll&#8217;s recht sein. Ich liebe dieses Teil!<\/p>\n","protected":false},"excerpt":{"rendered":"<p>Der letzte Artikel \u00fcber das Brompton krankte etwas daran, dass ich keine passenden Fotos gemacht habe. Jetzt habe ich das famose Faltrad noch einmal bei einer Boots\u00fcberf\u00fchrung genutzt (als Lucia f\u00fcr den Bootstest bereit gestellt wurde)\u00a0 und kann Bildmaterial\u00a0 nachliefern: Die ger\u00e4umige Tasche vorne ist \u00fcbrigens am Rahmen befestigt, nicht am Lenker. Sie dreht sich [&hellip;]<\/p>\n","protected":false},"author":5,"featured_media":0,"comment_status":"open","ping_status":"open","sticky":false,"template":"","format":"standard","meta":[],"categories":[3],"tags":[8,10],"_links":{"self":[{"href":"http:\/\/www.bootcharter.de\/blogbuch\/index.php?rest_route=\/wp\/v2\/posts\/312"}],"collection":[{"href":"http:\/\/www.bootcharter.de\/blogbuch\/index.php?rest_route=\/wp\/v2\/posts"}],"about":[{"href":"http:\/\/www.bootcharter.de\/blogbuch\/index.php?rest_route=\/wp\/v2\/types\/post"}],"author":[{"embeddable":true,"href":"http:\/\/www.bootcharter.de\/blogbuch\/index.php?rest_route=\/wp\/v2\/users\/5"}],"replies":[{"embeddable":true,"href":"http:\/\/www.bootcharter.de\/blogbuch\/index.php?rest_route=%2Fwp%2Fv2%2Fcomments&post=312"}],"version-history":[{"count":24,"href":"http:\/\/www.bootcharter.de\/blogbuch\/index.php?rest_route=\/wp\/v2\/posts\/312\/revisions"}],"predecessor-version":[{"id":454,"href":"http:\/\/www.bootcharter.de\/blogbuch\/index.php?rest_route=\/wp\/v2\/posts\/312\/revisions\/454"}],"wp:attachment":[{"href":"http:\/\/www.bootcharter.de\/blogbuch\/index.php?rest_route=%2Fwp%2Fv2%2Fmedia&parent=312"}],"wp:term":[{"taxonomy":"category","embeddable":true,"href":"http:\/\/www.bootcharter.de\/blogbuch\/index.php?rest_route=%2Fwp%2Fv2%2Fcategories&post=312"},{"taxonomy":"post_tag","embeddable":true,"href":"http:\/\/www.bootcharter.de\/blogbuch\/index.php?rest_route=%2Fwp%2Fv2%2Ftags&post=312"}],"curies":[{"name":"wp","href":"https:\/\/api.w.org\/{rel}","templated":true}]}}