{"id":3295,"date":"2014-10-08T15:20:40","date_gmt":"2014-10-08T13:20:40","guid":{"rendered":"http:\/\/www.bootcharter.de\/blogbuch\/?p=3295"},"modified":"2014-10-08T15:20:40","modified_gmt":"2014-10-08T13:20:40","slug":"nach-der-saison-ist-vor-der-saison","status":"publish","type":"post","link":"http:\/\/www.bootcharter.de\/blogbuch\/?p=3295","title":{"rendered":"Nach der Saison ist vor der Saison"},"content":{"rendered":"<p>Es wurde langsam Zeit, denn die ersten Buchungen haben wir schon: Der <a href=\"http:\/\/www.anna-blume-charter.de\/de\/Charter\/belegung\/belegung.htm\" target=\"_blank\">Belegungsplan 2015<\/a> ist online. Wie manchen sicher gleich auff\u00e4llt, taucht &#8222;Edmond Dant\u00e8s&#8220; darin nicht mehr auf. Wir haben uns in der Tat entschlossen, das Boot zu verkaufen, und zwar ohne wenn und aber. Auch falls der Verkauf nicht &#8211; wie wir hoffen &#8211; im Herbst\/Winter \u00fcber die B\u00fchne geht, bleibt die Antaris MK 825 in der n\u00e4chsten Saison f\u00fcr Probefahrten von Kaufinteressenten reserviert, wird also nicht regul\u00e4r verchartert. Genauso verfahren wir jetzt mit der &#8222;Diva&#8220;, die wir schon l\u00e4nger &#8211; aber bisher etwas halbherzig\u00a0 &#8211; zum Verkauf angeboten haben. N\u00e4heres zu den Booten und zu unseren Preisvorstellungen <a href=\"http:\/\/www.anna-blume-charter.de\/de\/gebrauchtboot\/gebrauchtboot.htm\" target=\"_blank\">hier<\/a>.<\/p>\n<p>Warum jetzt diese Entscheidungen? Nun, es erwies sich, dass wir ohne Mitarbeiter mit f\u00fcnf Kaj\u00fctbooten und zwei Sloepen an der Grenze unserer Leistungsf\u00e4higkeit angekommen sind. Und wir wollen auf keinen Fall Abstriche beim Service und der individuellen Betreuung unserer G\u00e4ste machen. Da reduzieren wir lieber die Anzahl der Boote.<\/p>\n<p>Nach reiflicher \u00dcberlegung und vor allem aus betriebswirtschaftlichen Erw\u00e4gungen haben wir Edmond Dant\u00e8s ausgew\u00e4hlt. Schweren Herzens, denn eigentlich m\u00f6chten wir uns von keinem unserer Schiffe trennen. Nun hoffen wir, dass der sch\u00f6ne Cruiser in gute und pflegliche H\u00e4nde kommt.<\/p>\n<p>Die MK 825 sticht aus dem \u00dcblichen hervor. Sie ist nicht nur bildsch\u00f6n, sondern durch die umfangreiche Ausstattung und ihre handlichen Ma\u00dfe auch komfortabel und vielseitig. Und mit f\u00fcnf Jahren seit der Erstwasserung im besten Alter f\u00fcr ein Motorboot.<\/p>\n<p>Wir verkleinern uns also ein wenig. Aber keine Angst: das ist nicht der Anfang vom Ende. Wir haben noch viel vor, werden aber weiter vor allem in Qualit\u00e4t investieren, nicht in Quantit\u00e4t.<\/p>\n","protected":false},"excerpt":{"rendered":"<p>Es wurde langsam Zeit, denn die ersten Buchungen haben wir schon: Der Belegungsplan 2015 ist online. Wie manchen sicher gleich auff\u00e4llt, taucht &#8222;Edmond Dant\u00e8s&#8220; darin nicht mehr auf. Wir haben uns in der Tat entschlossen, das Boot zu verkaufen, und zwar ohne wenn und aber. Auch falls der Verkauf nicht &#8211; wie wir hoffen &#8211; [&hellip;]<\/p>\n","protected":false},"author":5,"featured_media":0,"comment_status":"open","ping_status":"open","sticky":false,"template":"","format":"standard","meta":[],"categories":[3,55],"tags":[13,54,10,53],"_links":{"self":[{"href":"http:\/\/www.bootcharter.de\/blogbuch\/index.php?rest_route=\/wp\/v2\/posts\/3295"}],"collection":[{"href":"http:\/\/www.bootcharter.de\/blogbuch\/index.php?rest_route=\/wp\/v2\/posts"}],"about":[{"href":"http:\/\/www.bootcharter.de\/blogbuch\/index.php?rest_route=\/wp\/v2\/types\/post"}],"author":[{"embeddable":true,"href":"http:\/\/www.bootcharter.de\/blogbuch\/index.php?rest_route=\/wp\/v2\/users\/5"}],"replies":[{"embeddable":true,"href":"http:\/\/www.bootcharter.de\/blogbuch\/index.php?rest_route=%2Fwp%2Fv2%2Fcomments&post=3295"}],"version-history":[{"count":3,"href":"http:\/\/www.bootcharter.de\/blogbuch\/index.php?rest_route=\/wp\/v2\/posts\/3295\/revisions"}],"predecessor-version":[{"id":3298,"href":"http:\/\/www.bootcharter.de\/blogbuch\/index.php?rest_route=\/wp\/v2\/posts\/3295\/revisions\/3298"}],"wp:attachment":[{"href":"http:\/\/www.bootcharter.de\/blogbuch\/index.php?rest_route=%2Fwp%2Fv2%2Fmedia&parent=3295"}],"wp:term":[{"taxonomy":"category","embeddable":true,"href":"http:\/\/www.bootcharter.de\/blogbuch\/index.php?rest_route=%2Fwp%2Fv2%2Fcategories&post=3295"},{"taxonomy":"post_tag","embeddable":true,"href":"http:\/\/www.bootcharter.de\/blogbuch\/index.php?rest_route=%2Fwp%2Fv2%2Ftags&post=3295"}],"curies":[{"name":"wp","href":"https:\/\/api.w.org\/{rel}","templated":true}]}}