{"id":333,"date":"2010-05-13T11:36:27","date_gmt":"2010-05-13T09:36:27","guid":{"rendered":"http:\/\/www.bootcharter.de\/blogbuch\/?p=333"},"modified":"2011-01-09T18:22:57","modified_gmt":"2011-01-09T17:22:57","slug":"gode-vaert","status":"publish","type":"post","link":"http:\/\/www.bootcharter.de\/blogbuch\/?p=333","title":{"rendered":"Gode vaert!"},"content":{"rendered":"<p>Das ist jetzt schon \u00fcber eine Woche her, aber wer sagt, dass ein Blog immer brandaktuell sein muss? Jedenfalls wollten wir noch damit angeben, dass Rens Groenendijk vom <a href=\"http:\/\/www.godevaert.nl\/\" target=\"_blank\">Magazin &#8222;GodeVaert&#8220;<\/a> mit einem unserer Boote unterwegs war. Das &#8222;Lifestyle-Magazin rund um Sloepen und Vletten&#8220; m\u00f6chte das (bei aller Bescheidenheit) sch\u00f6nste Binnenrevier Europas seinen Leserinnen und Lesern nahe bringen, was wir f\u00fcr ein sehr gute Idee halten. Deshalb bereiste Rens Groenendijk die Gew\u00e4sser von Brandenburg und Mecklenburg &#8211; wo irgendm\u00f6glich nat\u00fcrlich stilvoll mit einer Sloep. Klar, dass wir da mit von der Partie waren.<\/p>\n<div style=\"width: 435px\" class=\"wp-caption alignnone\"><img loading=\"lazy\" title=\"Gode vaert gehabt? Von links nach rechts: Don Giovanni, G\u00fcnter Fengler, Rens Groenendijk, Monique de Waal\" src=\"http:\/\/www.sloep.de\/allebilder\/blogbuch\/2010-05-godevaert.jpg\" alt=\"Gode vaert gehabt? Von links nach rechts: Don Giovanni, G\u00fcnter Fengler, Rens Groenendijk, Monique de Waal\" width=\"425\" height=\"293\" \/><p class=\"wp-caption-text\">Gode vaert gehabt? Von links nach rechts: Don Giovanni, G\u00fcnter Fengler, Rens Groenendijk, Monique de Waal<\/p><\/div>\n<p>Auf der Etappe zwischen F\u00fcrstenberg und Zehdenick schipperte G\u00fcnter den Journalisten mit &#8222;Don Giovanni&#8220;. Gut dass der Don eine Kaj\u00fctsloep mit gro\u00dfz\u00fcgigem Verdeck ist; denn das Wetter war wieder mal so, wie es immer ist, wenn wir einen Pressetermin haben. Aber Rens blieb heiter und lie\u00df sich zum Abschluss auch das Essen im Gasthaus &#8222;Zur F\u00e4hre&#8220; in Burgwall schmecken, obwohl der Koch dem Vernehmen nach keinen guten Tag hatte. Mal sehen, was wir demn\u00e4chst im Sloepen-Lifestyle-Magazin zu lesen bekommen! Wieder ein Grund, endlich niederl\u00e4ndisch zu lernen&#8230;<\/p>\n","protected":false},"excerpt":{"rendered":"<p>Das ist jetzt schon \u00fcber eine Woche her, aber wer sagt, dass ein Blog immer brandaktuell sein muss? Jedenfalls wollten wir noch damit angeben, dass Rens Groenendijk vom Magazin &#8222;GodeVaert&#8220; mit einem unserer Boote unterwegs war. Das &#8222;Lifestyle-Magazin rund um Sloepen und Vletten&#8220; m\u00f6chte das (bei aller Bescheidenheit) sch\u00f6nste Binnenrevier Europas seinen Leserinnen und Lesern [&hellip;]<\/p>\n","protected":false},"author":5,"featured_media":0,"comment_status":"open","ping_status":"open","sticky":false,"template":"","format":"standard","meta":[],"categories":[58],"tags":[27,43,28],"_links":{"self":[{"href":"http:\/\/www.bootcharter.de\/blogbuch\/index.php?rest_route=\/wp\/v2\/posts\/333"}],"collection":[{"href":"http:\/\/www.bootcharter.de\/blogbuch\/index.php?rest_route=\/wp\/v2\/posts"}],"about":[{"href":"http:\/\/www.bootcharter.de\/blogbuch\/index.php?rest_route=\/wp\/v2\/types\/post"}],"author":[{"embeddable":true,"href":"http:\/\/www.bootcharter.de\/blogbuch\/index.php?rest_route=\/wp\/v2\/users\/5"}],"replies":[{"embeddable":true,"href":"http:\/\/www.bootcharter.de\/blogbuch\/index.php?rest_route=%2Fwp%2Fv2%2Fcomments&post=333"}],"version-history":[{"count":26,"href":"http:\/\/www.bootcharter.de\/blogbuch\/index.php?rest_route=\/wp\/v2\/posts\/333\/revisions"}],"predecessor-version":[{"id":458,"href":"http:\/\/www.bootcharter.de\/blogbuch\/index.php?rest_route=\/wp\/v2\/posts\/333\/revisions\/458"}],"wp:attachment":[{"href":"http:\/\/www.bootcharter.de\/blogbuch\/index.php?rest_route=%2Fwp%2Fv2%2Fmedia&parent=333"}],"wp:term":[{"taxonomy":"category","embeddable":true,"href":"http:\/\/www.bootcharter.de\/blogbuch\/index.php?rest_route=%2Fwp%2Fv2%2Fcategories&post=333"},{"taxonomy":"post_tag","embeddable":true,"href":"http:\/\/www.bootcharter.de\/blogbuch\/index.php?rest_route=%2Fwp%2Fv2%2Ftags&post=333"}],"curies":[{"name":"wp","href":"https:\/\/api.w.org\/{rel}","templated":true}]}}