{"id":3638,"date":"2020-04-05T11:20:16","date_gmt":"2020-04-05T09:20:16","guid":{"rendered":"http:\/\/www.bootcharter.de\/blogbuch\/?p=3638"},"modified":"2020-08-02T18:05:22","modified_gmt":"2020-08-02T16:05:22","slug":"wir-hoeren-auf","status":"publish","type":"post","link":"http:\/\/www.bootcharter.de\/blogbuch\/?p=3638","title":{"rendered":"Wir h\u00f6ren auf"},"content":{"rendered":"<p>Eigentlich wollten wir noch ein bisschen weitermachen. Wir haben ja schon in den letzten Jahren aus gesundheitlichen Gr\u00fcnden das Gesch\u00e4ft allm\u00e4hlich\u00a0 zur\u00fcckgefahren und die Flotte reduziert. Aber die gute alte Anna Blume wollten wir eigentlich noch ein paar Jahre im Charter anbieten. Doch dann kam Covid-19.<\/p>\n<p>Es folgten unvermeidliche Absagen, Schleusenschlie\u00dfungen und letztlich ein Verbot gewerblicher Vermietungen. Und keiner wei\u00df so recht, wann wieder Normalit\u00e4t einkehrt. Da haben wir die Rei\u00dfleine gezogen. Lieber ein sauberer Schnitt als eine H\u00e4ngepartie. Bei allen G\u00e4sten, denen wir absagen mussten, m\u00f6chten wir uns entschuldigen. Nat\u00fcrlich bekommen alle &#8211; auch die, die zuerst bei uns absagten &#8211; ihre Anzahlungen in vollem Umfang zur\u00fcck.<\/p>\n<p>Dieses Blog bleibt f\u00fcrs Erste bestehen. Wahrscheinlich werde ich hier k\u00fcnftig in loser Folge Beitr\u00e4ge rund um den Wassersport posten. Die restliche Online-Pr\u00e4senz wird abgeschaltet.<\/p>\n<p>Es war eine sch\u00f6ne Zeit mit vielen interessanten und erfreulichen Begegnungen, aus der auch einige Freundschaften entstanden sind. Wir bedanken uns bei allen unseren Charterg\u00e4sten, vor allem den vielen Stammg\u00e4sten, die uns die Treue gehalten haben, und die mit Fotos, Videos und Geschichten zu unserem Internet-Auftritt, unseren Brosch\u00fcren und unserem j\u00e4hrlichen Bildkalender beigetragen haben!<\/p>\n<p>Hansj\u00f6rg Leser<\/p>\n","protected":false},"excerpt":{"rendered":"<p>Eigentlich wollten wir noch ein bisschen weitermachen. Wir haben ja schon in den letzten Jahren aus gesundheitlichen Gr\u00fcnden das Gesch\u00e4ft allm\u00e4hlich\u00a0 zur\u00fcckgefahren und die Flotte reduziert. Aber die gute alte Anna Blume wollten wir eigentlich noch ein paar Jahre im Charter anbieten. Doch dann kam Covid-19. Es folgten unvermeidliche Absagen, Schleusenschlie\u00dfungen und letztlich ein Verbot [&hellip;]<\/p>\n","protected":false},"author":5,"featured_media":0,"comment_status":"open","ping_status":"closed","sticky":false,"template":"","format":"standard","meta":[],"categories":[1,3],"tags":[],"_links":{"self":[{"href":"http:\/\/www.bootcharter.de\/blogbuch\/index.php?rest_route=\/wp\/v2\/posts\/3638"}],"collection":[{"href":"http:\/\/www.bootcharter.de\/blogbuch\/index.php?rest_route=\/wp\/v2\/posts"}],"about":[{"href":"http:\/\/www.bootcharter.de\/blogbuch\/index.php?rest_route=\/wp\/v2\/types\/post"}],"author":[{"embeddable":true,"href":"http:\/\/www.bootcharter.de\/blogbuch\/index.php?rest_route=\/wp\/v2\/users\/5"}],"replies":[{"embeddable":true,"href":"http:\/\/www.bootcharter.de\/blogbuch\/index.php?rest_route=%2Fwp%2Fv2%2Fcomments&post=3638"}],"version-history":[{"count":12,"href":"http:\/\/www.bootcharter.de\/blogbuch\/index.php?rest_route=\/wp\/v2\/posts\/3638\/revisions"}],"predecessor-version":[{"id":3658,"href":"http:\/\/www.bootcharter.de\/blogbuch\/index.php?rest_route=\/wp\/v2\/posts\/3638\/revisions\/3658"}],"wp:attachment":[{"href":"http:\/\/www.bootcharter.de\/blogbuch\/index.php?rest_route=%2Fwp%2Fv2%2Fmedia&parent=3638"}],"wp:term":[{"taxonomy":"category","embeddable":true,"href":"http:\/\/www.bootcharter.de\/blogbuch\/index.php?rest_route=%2Fwp%2Fv2%2Fcategories&post=3638"},{"taxonomy":"post_tag","embeddable":true,"href":"http:\/\/www.bootcharter.de\/blogbuch\/index.php?rest_route=%2Fwp%2Fv2%2Ftags&post=3638"}],"curies":[{"name":"wp","href":"https:\/\/api.w.org\/{rel}","templated":true}]}}